{"id":89,"date":"2020-09-18T09:32:56","date_gmt":"2020-09-18T09:32:56","guid":{"rendered":"http:\/\/mfgcln.com\/journal\/?p=89"},"modified":"2020-09-18T08:52:40","modified_gmt":"2020-09-18T08:52:40","slug":"rencontre-a-montier-en-der","status":"publish","type":"post","link":"http:\/\/mfgcln.com\/journal\/2020\/09\/18\/rencontre-a-montier-en-der\/","title":{"rendered":"Rencontre A Montier En Der"},"content":{"rendered":"<p>Catherine et R\u00e9my Marion vous proposent de rencontrer lours, du Kamchatka \u00e0 la Colombie Britannique, en photo grandeur nature et en vid\u00e9o 4K. La fameuse panth\u00e8re des neiges du Tibet a \u00e9t\u00e9 photographi\u00e9e par Fr\u00e9d\u00e9ric Larrey et Yves Fagniart \u00e0 quelques 5000 m\u00e8tres daltitude depuis le massif le mieux pr\u00e9serv\u00e9 du plateau tib\u00e9tain. <img decoding=\"async\" src=\"http:\/\/www.jean-marie-seveno.net\/img\/upload_T\/news\/Mon%20site.jpg\" alt=\"rencontre a montier en der\" align=\"left\"> Des multinationales ont profit\u00e9 de la crise sanitaire pour avancer leur agenda et d\u00e9fendre leurs int\u00e9r\u00eats industriels aupr\u00e8s de Bruxelles. Dune main, elles mettent en place de vastes campagnes de Habitant \u00e9galement dans les ardennes pas loin de Reims, une sortie probable en septembre mint\u00e9resse beaucoup. Un petit coucou \u00e0 tous mes amis-ies les pixelistes. Quant \u00e0 une sortie pixelistes en champagne, ce serait bien sympa pas \u00e9vident de r\u00e9unir du monde dans nos campagnes.. 17h30-19h00 Jean-Fran\u00e7ois BEGUE Les Cl\u00e9s pour bien Voyager, la R\u00e9union, Lhistoire du Monde \u00e0 travers jeu, 06112020-12:00 Mardi 16 juin Journ\u00e9e daction Sant\u00e9 Le festival favorise les d\u00e9bats et les \u00e9changes, pour tous les publics, sur les grandes questions environnementales. L\u00e9ducation \u00e0 lenvironnement et au d\u00e9veloppement durable tient aussi une place importante, avec plus de 3500 scolaires pr\u00e9sents durant les 4 jours de l\u00e9v\u00e9nement. Cest aussi un lieu de rencontres entre les photographes, les naturalistes, les associations et les professionnels. Un grand merci aussi aux autres photographes qui exposaient \u00e0 Ceffonds avec nous et qui ont \u00e9clair\u00e9 ces journ\u00e9es de leur pr\u00e9sence, de leur talent et de leur bonne humeur. On les embrasse tous! Plus dune trentaine dimages fascinantes sont ainsi pr\u00e9sent\u00e9es \u00e0 Montier-en-Der, nous immergeant dans cette qu\u00eate de limpossible et ce Tibet sauvage aux conditions climatiques extr\u00eames o\u00f9 la temp\u00e9rature avoisine les-30. \u00c0 travers ces deux livres passionnants qui accompagnent lexposition et un documentaire de Marie Amiguet, lune des compagnons de route de Vincent Munier, ce projet aux mille facettes prend vie pour la premi\u00e8re fois autour dune de ses exp\u00e9ditions septentrionales, qui met \u00e9galement en lumi\u00e8re ses rencontres avec les nomades : Le peuple tib\u00e9tain continue d\u00eatre opprim\u00e9 par les chinois et voyager l\u00e0-bas reste tr\u00e8s compliqu\u00e9 souligne Marine de Lacoste Vincent sest souvent heurt\u00e9 aux autorit\u00e9s chinoises, accus\u00e9 de prendre des images de la population locale et de la mis\u00e8re. Ce fut pesant, mais sa passion et lenvie de repartir lont toujours tenu. Moi je suis une Femme s\u00e9rieuse, attentionn\u00e9es, respectueuse intelligente  Retrouvez toute la programmation 2019-photographes, artistes, conf\u00e9renciers, associations, magazines, fabricants, agences, \u00e9diteurs, voyagistes sur le site du Festival photo. <img decoding=\"async\" src=\"http:\/\/grca.free.fr\/historique_grdi\/63\/livre1.jpg\" alt=\"rencontre a montier en der\" align=\"right\"> <img decoding=\"async\" src=\"http:\/\/wp.ascpf.com\/wp-content\/uploads\/2016\/11\/yvon_93314.jpg\" alt=\"rencontre a montier en der\" align=\"center\">  Int\u00e9r\u00eats communs : Relations daffaires, Caf\u00e9 et conversations, Restaurant Comme pour certains champs de prise de vue, le choix de lobjectif est important. Oubliez les objectifs grand angle 20mm et les focales standard 35 50 mm qui vous emp\u00eacheront dobtenir une photo de qualit\u00e9. Privil\u00e9giez plut\u00f4t des objectifs zoom 100 mm et plus pour am\u00e9liorer la qualit\u00e9 de votre photo. Opter pour cet objectif \u00e9vite notamment la d\u00e9formation du visage.  Gay chat ado partouze nord gay dreux vieux gay qui suce rencontres gay en alsace rencontre gay 76 Paul, g\u00e9rant de foodtruck r\u00e9fl\u00e9chit \u00e0 lapr\u00e8s crise et aux cons\u00e9quences sur son activit\u00e9 Tr\u00e8s vite le virus de la photo lenvahit et il commence \u00e0 voyager afin dassouvir sa passion. Si les horizons lointains lui procurent ses premiers grands frissons, tr\u00e8s vite son c\u0153ur et son \u00e2me r\u00e9pondent \u00e0 lappel de la faune sauvage de la Haute-Marne. Comme avec le gros plan, avec ce genre de cadre tr\u00e8s serr\u00e9, il est important dapporter une grande attention \u00e0 lesth\u00e9tisme : \u00e9liminez tous les d\u00e9fauts possibles, apportez une belle lumi\u00e8re pour photo sous un bon jour. En direct de Montier 2014-Rencontre avec Se\u0301bastien Tournier-YouTube En reportage, \u00e0 la rencontre de lorang-outan, lhomme de la for\u00eat Mais alors, quel est le but de limage lorsque vous prenez une photo? Quelle \u00e9motion souhaitez-vous transmettre \u00e0 travers langle de prise de vue? Pour mieux comprendre, voici les diff\u00e9rents plans possibles.<\/p>\n","protected":false},"excerpt":{"rendered":"<p>rencontre a montier en der<\/p>\n","protected":false},"author":1,"featured_media":0,"comment_status":"closed","ping_status":"closed","sticky":false,"template":"","format":"standard","meta":[],"categories":[1],"tags":[],"_links":{"self":[{"href":"http:\/\/mfgcln.com\/journal\/wp-json\/wp\/v2\/posts\/89"}],"collection":[{"href":"http:\/\/mfgcln.com\/journal\/wp-json\/wp\/v2\/posts"}],"about":[{"href":"http:\/\/mfgcln.com\/journal\/wp-json\/wp\/v2\/types\/post"}],"author":[{"embeddable":true,"href":"http:\/\/mfgcln.com\/journal\/wp-json\/wp\/v2\/users\/1"}],"replies":[{"embeddable":true,"href":"http:\/\/mfgcln.com\/journal\/wp-json\/wp\/v2\/comments?post=89"}],"version-history":[{"count":1,"href":"http:\/\/mfgcln.com\/journal\/wp-json\/wp\/v2\/posts\/89\/revisions"}],"predecessor-version":[{"id":90,"href":"http:\/\/mfgcln.com\/journal\/wp-json\/wp\/v2\/posts\/89\/revisions\/90"}],"wp:attachment":[{"href":"http:\/\/mfgcln.com\/journal\/wp-json\/wp\/v2\/media?parent=89"}],"wp:term":[{"taxonomy":"category","embeddable":true,"href":"http:\/\/mfgcln.com\/journal\/wp-json\/wp\/v2\/categories?post=89"},{"taxonomy":"post_tag","embeddable":true,"href":"http:\/\/mfgcln.com\/journal\/wp-json\/wp\/v2\/tags?post=89"}],"curies":[{"name":"wp","href":"https:\/\/api.w.org\/{rel}","templated":true}]}}